{"id":78,"count":1,"description":"<h2>Portr\u00e9t tu\u017ekou<\/h2>\r\n<p style=\"padding-bottom: 30px\">Jedine\u010dn\u00e9 pietn\u00ed ru\u010dn\u00ed kresby tu\u017ekou&nbsp;dle dodan\u00e9 fotografick\u00e9 p\u0159edlohy. Kreslen\u00fd pietn\u00ed portr\u00e9t Va\u0161eho dlouholet\u00e9ho zv\u00ed\u0159ec\u00edho kamar\u00e1da k&nbsp;zar\u00e1mov\u00e1n\u00ed.<\/p>","link":"http:\/\/www.kremacezviratostrava.cz\/shop\/product-category\/kresby-tuzkou\/","name":"Kresby tu\u017ekou","slug":"kresby-tuzkou","taxonomy":"product_cat","parent":0,"meta":[],"_links":{"self":[{"href":"http:\/\/www.kremacezviratostrava.cz\/shop\/wp-json\/wp\/v2\/product_cat\/78"}],"collection":[{"href":"http:\/\/www.kremacezviratostrava.cz\/shop\/wp-json\/wp\/v2\/product_cat"}],"about":[{"href":"http:\/\/www.kremacezviratostrava.cz\/shop\/wp-json\/wp\/v2\/taxonomies\/product_cat"}],"wp:post_type":[{"href":"http:\/\/www.kremacezviratostrava.cz\/shop\/wp-json\/wp\/v2\/product?product_cat=78"}],"curies":[{"name":"wp","href":"https:\/\/api.w.org\/{rel}","templated":true}]}}